{"id":702,"date":"2025-06-08T11:00:03","date_gmt":"2025-06-08T11:00:03","guid":{"rendered":"https:\/\/gatefi.es\/societats-sense-activitat-i-sense-numero-didentificacio-fiscal-nif\/"},"modified":"2025-07-15T08:29:01","modified_gmt":"2025-07-15T08:29:01","slug":"societats-sense-activitat-i-sense-numero-didentificacio-fiscal-nif","status":"publish","type":"post","link":"https:\/\/gatefi.es\/ca\/societats-sense-activitat-i-sense-numero-didentificacio-fiscal-nif\/","title":{"rendered":"Societats SENSE activitat i SENSE N\u00famero d&#8217;Identificaci\u00f3 Fiscal (NIF)"},"content":{"rendered":"<p><div class=\"fusion-fullwidth fullwidth-box fusion-builder-row-1 fusion-flex-container has-pattern-background has-mask-background nonhundred-percent-fullwidth non-hundred-percent-height-scrolling\" style=\"--awb-border-radius-top-left:0px;--awb-border-radius-top-right:0px;--awb-border-radius-bottom-right:0px;--awb-border-radius-bottom-left:0px;--awb-flex-wrap:wrap;\" ><div class=\"fusion-builder-row fusion-row fusion-flex-align-items-flex-start fusion-flex-content-wrap\" style=\"max-width:1248px;margin-left: calc(-4% \/ 2 );margin-right: calc(-4% \/ 2 );\"><div class=\"fusion-layout-column fusion_builder_column fusion-builder-column-0 fusion_builder_column_1_1 1_1 fusion-flex-column\" style=\"--awb-bg-size:cover;--awb-width-large:100%;--awb-margin-top-large:0px;--awb-spacing-right-large:28.416%;--awb-margin-bottom-large:20px;--awb-spacing-left-large:1.92%;--awb-width-medium:100%;--awb-order-medium:0;--awb-spacing-right-medium:28.416%;--awb-spacing-left-medium:1.92%;--awb-width-small:100%;--awb-order-small:0;--awb-spacing-right-small:1.92%;--awb-spacing-left-small:1.92%;\"><div class=\"fusion-column-wrapper fusion-column-has-shadow fusion-flex-justify-content-flex-start fusion-content-layout-column\"><div class=\"fusion-title title fusion-title-1 fusion-sep-none fusion-title-text fusion-title-size-three\" style=\"--awb-font-size:20px;\"><h3 class=\"fusion-title-heading title-heading-left\" style=\"margin:0;font-size:1em;\"><h2 data-fontsize=\"18\" data-lineheight=\"27\">Societats SENSE activitat i SENSE N\u00famero d&#8217;Identificaci\u00f3 Fiscal (NIF)<\/h2><\/h3><\/div><\/div><\/div><\/div><\/div><div class=\"fusion-fullwidth fullwidth-box fusion-builder-row-2 fusion-flex-container has-pattern-background has-mask-background nonhundred-percent-fullwidth non-hundred-percent-height-scrolling\" style=\"--awb-border-radius-top-left:0px;--awb-border-radius-top-right:0px;--awb-border-radius-bottom-right:0px;--awb-border-radius-bottom-left:0px;--awb-flex-wrap:wrap;\" ><div class=\"fusion-builder-row fusion-row fusion-flex-align-items-flex-start fusion-flex-content-wrap\" style=\"max-width:1248px;margin-left: calc(-4% \/ 2 );margin-right: calc(-4% \/ 2 );\"><div class=\"fusion-layout-column fusion_builder_column fusion-builder-column-1 fusion_builder_column_1_1 1_1 fusion-flex-column\" style=\"--awb-bg-size:cover;--awb-width-large:100%;--awb-margin-top-large:0px;--awb-spacing-right-large:1.92%;--awb-margin-bottom-large:20px;--awb-spacing-left-large:1.92%;--awb-width-medium:100%;--awb-order-medium:0;--awb-spacing-right-medium:1.92%;--awb-spacing-left-medium:1.92%;--awb-width-small:100%;--awb-order-small:0;--awb-spacing-right-small:1.92%;--awb-spacing-left-small:1.92%;\"><div class=\"fusion-column-wrapper fusion-column-has-shadow fusion-flex-justify-content-flex-start fusion-content-layout-column\"><div class=\"fusion-text fusion-text-1\" style=\"--awb-font-size:16px;\"><p>La norma descriu un sistema automatitzat de subministrament d&#8217;informaci\u00f3 entre el Notariat i l&#8217;Ag\u00e8ncia Tribut\u00e0ria perqu\u00e8 el fedatari p\u00fablic identifiqui les entitats jur\u00eddiques amb el NIF revocat. Vost\u00e8 pot consultar la situaci\u00f3 de la seva identificaci\u00f3 fiscal a la p\u00e0gina web de l&#8217;Ag\u00e8ncia accedint al servei Consulta per NIF (entitats jur\u00eddiques), dins de la relaci\u00f3 de tr\u00e0mits dels Models 036 i 037. Cens d&#8217;empresaris, professionals i retenidors \u2013 Declaraci\u00f3 censal d&#8217;alta, modificaci\u00f3 i baixa i declaraci\u00f3 censal simplificada.  <\/p>\n<p><strong>Causes:<\/strong><\/p>\n<p>El seu NIF pot ser revocat, quan:<\/p>\n<p>\u2022 Durant m\u00e9s de dotze mesos i despr\u00e9s de tres intents, hagu\u00e9s resultat impracticable notificar a l&#8217;obligat tributari en el domicili fiscal.<\/p>\n<p>\u2022 No es presenti, durant 3 per\u00edodes impositius consecutius, la declaraci\u00f3 de l&#8217;Impost sobre Societats (Model 200).<\/p>\n<p>\u2022 La societat hagi estat constitu\u00efda i no inici\u00ef activitat econ\u00f2mica, ni tampoc executi els actes preparatoris per a l&#8217;exercici efectiu de la mateixa en el termini de tres mesos des de la sol\u00b7licitud del n\u00famero d&#8217;identificaci\u00f3 fiscal, excepte que es justifiqui la impossibilitat de la seva aportaci\u00f3.<\/p>\n<p>\u2022 Els deutes tributaris de l&#8217;entitat amb la Hisenda p\u00fablica de l&#8217;Estat siguin declarats fallits d&#8217;acord amb el que disposa el <a>Reglament General de Recaptaci\u00f3, aprovat per Reial decret 939\/2005, de 29 de juliol <\/a>(<a>article 119.1.a) Llei 27\/2014).<\/a><\/p>\n<p>\u2022 Hagu\u00e9s comunicat (mitjan\u00e7ant declaracions censals) a l&#8217;Administraci\u00f3 Tribut\u00e0ria el desenvolupament d&#8217;activitats econ\u00f2miques inexistents.<\/p>\n<p>\u2022 Es constati que un mateix capital ha servit per constituir una pluralitat de societats, de manera que, de la consideraci\u00f3 global de totes elles, es dedueixi que no s&#8217;ha produ\u00eft el desemborsament m\u00ednim exigit per la normativa aplicable.<\/p>\n<p>\u2022 Comunqui el desenvolupament d&#8217;activitats econ\u00f2miques, de la gesti\u00f3 administrativa o de la direcci\u00f3 dels negocis, en un domicili aparent o fals, sense que es justifiqui la realitzaci\u00f3 d&#8217;aquestes activitats o actuacions en un altre domicili diferent.<\/p>\n<p><strong>Efectes<\/strong><\/p>\n<p>Els efectes de la revocaci\u00f3 del NIF realitzada segons el que s&#8217;estableix en el apartat 4 de la <a>disposici\u00f3 addicional sisena de la Llei 58\/2003, General Tribut\u00e0ria<\/a> (LGT) i l&#8217;article 147 del RGAT, s\u00f3n:<\/p>\n<p>1. Publicaci\u00f3 de la revocaci\u00f3 al Butllet\u00ed Oficial de l&#8217;Estat, que determina la seva p\u00e8rdua de validesa a efectes identificatius en l&#8217;\u00e0mbit fiscal fins que es rehabiliti aquest n\u00famero.<\/p>\n<p>2. Impossibilitat de realitzar inscripcions en el registre p\u00fablic corresponent.<\/p>\n<p>3. Abstenci\u00f3 del notari per autoritzar qualsevol instrument p\u00fablic relatiu a declaracions de voluntat, actes jur\u00eddics que impliquin prestaci\u00f3 de consentiment, contractes i negocis jur\u00eddics de qualsevol classe.<\/p>\n<p>4. A les certificacions registrals de l&#8217;entitat titular del n\u00famero constar\u00e0 que el mateix est\u00e0 revocat.<\/p>\n<p>5. Impossibilitat de realitzar c\u00e0rrecs i abonaments en comptes o dip\u00f2sits oberts en entitats de cr\u00e8dit.<\/p>\n<p>6. Impossibilitat d&#8217;obtenir el certificat de trobar-se al corrent de les seves obligacions tribut\u00e0ries.<\/p>\n<p>7. Baixa en el Registre d&#8217;operadors intracomunitaris (ROI) i en el de Devoluci\u00f3 Mensual (REDEME).<\/p>\n<p><strong>Rehabilitaci\u00f3:<\/strong><\/p>\n<p>La revocaci\u00f3 del NIF no t\u00e9 per qu\u00e8 tenir car\u00e0cter irreversible. Si desapareixen les circumst\u00e0ncies que la van motivar, el NIF es pot recuperar. Per a aix\u00f2 i d&#8217;acord amb <a>l&#8217;article 147.8 del Reial decret 1065\/2007, de 27 de juliol<\/a>, l&#8217;entitat ha de sol\u00b7licitar-ho a l&#8217;AEAT, acreditant que han desaparegut les causes que van motivar la revocaci\u00f3, i a m\u00e9s en el cas de societats, identificant qui ostenten la titularitat del capital de la societat, els seus representants legals, el seu domicili fiscal, aix\u00ed com aportar la documentaci\u00f3 que acrediti quina \u00e9s l&#8217;activitat econ\u00f2mica que la societat desenvolupar\u00e0.  <\/p>\n<p>El fet que el NIF de la societat hagi estat revocat no vol dir que l&#8217;Administraci\u00f3 Tribut\u00e0ria no pugui exigir-li el compliment de les obligacions tribut\u00e0ries pendents; de fet, ho est\u00e0 fent. En aquest cas, l&#8217;admissi\u00f3 de les autoliquidacions, declaracions, comunicacions o escrits en qu\u00e8 consti un n\u00famero d&#8217;identificaci\u00f3 fiscal anul\u00b7lat quedar\u00e0 condicionada a la rehabilitaci\u00f3 d&#8217;aquest. <\/p>\n<p><strong>Reglament de la Llei d&#8217;Auditoria<\/strong><\/p>\n<p>Recordi, a m\u00e9s, que aquestes mesures es complementen, <a>tal com li vam indicar en entregues anteriors<\/a>, amb la introdu\u00efda en el nou Reglament de la Llei d&#8217;Auditoria (<a>RD 2\/2021, de 12 de gener<\/a>), que, des del passat 1 de febrer, inclou un nou r\u00e8gim sancionador per a aquells que no presenten les comptes anuals, que segons estimacions dels Registres Mercantils s\u00f3n m\u00e9s de 1,5 milions de \u201csocietats zombis\u201d, incloses les que arrosseguen deutes que les fan inviable.<\/p>\n<p>Aquestes empreses inactives busquen finan\u00e7ament p\u00fablic, per\u00f2 no generen riquesa ni ocupaci\u00f3 per al pa\u00eds. L&#8217;administraci\u00f3 ent\u00e9n que es tracta d&#8217;un model perfecte per al blanqueig de capitals, ocultaci\u00f3 de titulars reals i desviament de diners. <\/p>\n<p>Segons el nou Reglament de la Llei d&#8217;Auditoria, els registradors mercantils s\u00f3n els encarregats de subministrar els expedients amb els incompliments, l&#8217;Institut de Comptabilitat i Auditoria de Comptes (ICAC) sancionar\u00e0, i l&#8217;AEAT cobrar\u00e0 les sancions imposades als incomplidors.<\/p>\n<p>A partir d&#8217;ara, \u201cels \u00fanics tr\u00e0mits que les societats inactives podran dur a terme seran els requerits per tornar a donar-se d&#8217;alta, i incloure novament el seu negoci en l&#8217;IAE\u201d, a m\u00e9s de regularitzar la seva situaci\u00f3 amb l&#8217;Ag\u00e8ncia Tribut\u00e0ria \u201ci pagar les corresponents sancions que s&#8217;imposen per cada any que l&#8217;entitat no hagi presentat l&#8217;Impost de Societats i les seves comptes de l&#8217;any\u201d.<\/p>\n<p>Ser una societat inactiva i no presentar l&#8217;Impost de Societats o informar de les teves comptes anuals comporta una sanci\u00f3. La quantia d&#8217;aquesta ascendeix a 200 euros per cada any de retard. No obstant aix\u00f2, si en algun exercici la declaraci\u00f3 va sortir a pagar, la quantia que el titular de la societat haur\u00e0 d&#8217;abonar a Hisenda per regularitzar la seva situaci\u00f3 \u00e9s, com a m\u00ednim, el 50% de la quantitat deixada a ingressar m\u00e9s els interessos.  <\/p>\n<\/div><\/div><\/div><\/div><\/div><\/p>\n","protected":false},"excerpt":{"rendered":"","protected":false},"author":1,"featured_media":0,"comment_status":"open","ping_status":"open","sticky":false,"template":"","format":"standard","meta":{"footnotes":""},"categories":[26,27],"tags":[],"class_list":["post-702","post","type-post","status-publish","format-standard","hentry","category-agencia-tributaria-ca","category-fiscal-ca"],"yoast_head":"<!-- This site is optimized with the Yoast SEO plugin v26.0 - https:\/\/yoast.com\/wordpress\/plugins\/seo\/ -->\n<title>Societats SENSE activitat i SENSE N\u00famero d&#039;Identificaci\u00f3 Fiscal (NIF) - Gatefi<\/title>\n<meta name=\"robots\" content=\"index, follow, max-snippet:-1, max-image-preview:large, max-video-preview:-1\" \/>\n<link rel=\"canonical\" href=\"https:\/\/gatefi.es\/sociedades-sin-actividad-y-sin-numero-de-identificacion-fiscal-nif\/\" \/>\n<meta property=\"og:locale\" content=\"ca_ES\" \/>\n<meta property=\"og:type\" content=\"article\" \/>\n<meta property=\"og:title\" content=\"Societats SENSE activitat i SENSE N\u00famero d&#039;Identificaci\u00f3 Fiscal (NIF) - Gatefi\" \/>\n<meta property=\"og:url\" content=\"https:\/\/gatefi.es\/sociedades-sin-actividad-y-sin-numero-de-identificacion-fiscal-nif\/\" \/>\n<meta property=\"og:site_name\" content=\"Gatefi\" \/>\n<meta property=\"article:published_time\" content=\"2025-06-08T11:00:03+00:00\" \/>\n<meta property=\"article:modified_time\" content=\"2025-07-15T08:29:01+00:00\" \/>\n<meta name=\"author\" content=\"admin\" \/>\n<meta name=\"twitter:card\" content=\"summary_large_image\" \/>\n<meta name=\"twitter:label1\" content=\"Escrit per\" \/>\n\t<meta name=\"twitter:data1\" content=\"admin\" \/>\n\t<meta name=\"twitter:label2\" content=\"Temps estimat de lectura\" \/>\n\t<meta name=\"twitter:data2\" content=\"10 minuts\" \/>\n<script type=\"application\/ld+json\" class=\"yoast-schema-graph\">{\"@context\":\"https:\/\/schema.org\",\"@graph\":[{\"@type\":\"Article\",\"@id\":\"https:\/\/gatefi.es\/sociedades-sin-actividad-y-sin-numero-de-identificacion-fiscal-nif\/#article\",\"isPartOf\":{\"@id\":\"https:\/\/gatefi.es\/sociedades-sin-actividad-y-sin-numero-de-identificacion-fiscal-nif\/\"},\"author\":{\"name\":\"admin\",\"@id\":\"https:\/\/gatefi.es\/#\/schema\/person\/76d116c8d94bae382a2b3388777672ad\"},\"headline\":\"Societats SENSE activitat i SENSE N\u00famero d&#8217;Identificaci\u00f3 Fiscal (NIF)\",\"datePublished\":\"2025-06-08T11:00:03+00:00\",\"dateModified\":\"2025-07-15T08:29:01+00:00\",\"mainEntityOfPage\":{\"@id\":\"https:\/\/gatefi.es\/sociedades-sin-actividad-y-sin-numero-de-identificacion-fiscal-nif\/\"},\"wordCount\":1984,\"commentCount\":0,\"publisher\":{\"@id\":\"https:\/\/gatefi.es\/#organization\"},\"articleSection\":[\"Ag\u00e8ncia Tribut\u00e0ria\",\"Fiscal\"],\"inLanguage\":\"ca\",\"potentialAction\":[{\"@type\":\"CommentAction\",\"name\":\"Comment\",\"target\":[\"https:\/\/gatefi.es\/sociedades-sin-actividad-y-sin-numero-de-identificacion-fiscal-nif\/#respond\"]}]},{\"@type\":\"WebPage\",\"@id\":\"https:\/\/gatefi.es\/sociedades-sin-actividad-y-sin-numero-de-identificacion-fiscal-nif\/\",\"url\":\"https:\/\/gatefi.es\/sociedades-sin-actividad-y-sin-numero-de-identificacion-fiscal-nif\/\",\"name\":\"Societats SENSE activitat i SENSE N\u00famero d'Identificaci\u00f3 Fiscal (NIF) - Gatefi\",\"isPartOf\":{\"@id\":\"https:\/\/gatefi.es\/#website\"},\"datePublished\":\"2025-06-08T11:00:03+00:00\",\"dateModified\":\"2025-07-15T08:29:01+00:00\",\"breadcrumb\":{\"@id\":\"https:\/\/gatefi.es\/sociedades-sin-actividad-y-sin-numero-de-identificacion-fiscal-nif\/#breadcrumb\"},\"inLanguage\":\"ca\",\"potentialAction\":[{\"@type\":\"ReadAction\",\"target\":[\"https:\/\/gatefi.es\/sociedades-sin-actividad-y-sin-numero-de-identificacion-fiscal-nif\/\"]}]},{\"@type\":\"BreadcrumbList\",\"@id\":\"https:\/\/gatefi.es\/sociedades-sin-actividad-y-sin-numero-de-identificacion-fiscal-nif\/#breadcrumb\",\"itemListElement\":[{\"@type\":\"ListItem\",\"position\":1,\"name\":\"Portada\",\"item\":\"https:\/\/gatefi.es\/ca\/home\/\"},{\"@type\":\"ListItem\",\"position\":2,\"name\":\"Societats SENSE activitat i SENSE N\u00famero d&#8217;Identificaci\u00f3 Fiscal (NIF)\"}]},{\"@type\":\"WebSite\",\"@id\":\"https:\/\/gatefi.es\/#website\",\"url\":\"https:\/\/gatefi.es\/\",\"name\":\"Gatefi\",\"description\":\"\",\"publisher\":{\"@id\":\"https:\/\/gatefi.es\/#organization\"},\"potentialAction\":[{\"@type\":\"SearchAction\",\"target\":{\"@type\":\"EntryPoint\",\"urlTemplate\":\"https:\/\/gatefi.es\/?s={search_term_string}\"},\"query-input\":{\"@type\":\"PropertyValueSpecification\",\"valueRequired\":true,\"valueName\":\"search_term_string\"}}],\"inLanguage\":\"ca\"},{\"@type\":\"Organization\",\"@id\":\"https:\/\/gatefi.es\/#organization\",\"name\":\"Gatefi\",\"url\":\"https:\/\/gatefi.es\/\",\"logo\":{\"@type\":\"ImageObject\",\"inLanguage\":\"ca\",\"@id\":\"https:\/\/gatefi.es\/#\/schema\/logo\/image\/\",\"url\":\"https:\/\/gatefi.es\/wp-content\/uploads\/2025\/05\/logo-2.png\",\"contentUrl\":\"https:\/\/gatefi.es\/wp-content\/uploads\/2025\/05\/logo-2.png\",\"width\":133,\"height\":55,\"caption\":\"Gatefi\"},\"image\":{\"@id\":\"https:\/\/gatefi.es\/#\/schema\/logo\/image\/\"}},{\"@type\":\"Person\",\"@id\":\"https:\/\/gatefi.es\/#\/schema\/person\/76d116c8d94bae382a2b3388777672ad\",\"name\":\"admin\",\"image\":{\"@type\":\"ImageObject\",\"inLanguage\":\"ca\",\"@id\":\"https:\/\/gatefi.es\/#\/schema\/person\/image\/\",\"url\":\"https:\/\/secure.gravatar.com\/avatar\/128ddaa8fd25bf4339cb192ade2a01e84e20a555b66442ee33957ea7b9aaca15?s=96&d=mm&r=g\",\"contentUrl\":\"https:\/\/secure.gravatar.com\/avatar\/128ddaa8fd25bf4339cb192ade2a01e84e20a555b66442ee33957ea7b9aaca15?s=96&d=mm&r=g\",\"caption\":\"admin\"},\"sameAs\":[\"https:\/\/gatefi.es\"],\"url\":\"https:\/\/gatefi.es\/ca\/author\/agarcia_1jqu30ti\/\"}]}<\/script>\n<!-- \/ Yoast SEO plugin. -->","yoast_head_json":{"title":"Societats SENSE activitat i SENSE N\u00famero d'Identificaci\u00f3 Fiscal (NIF) - Gatefi","robots":{"index":"index","follow":"follow","max-snippet":"max-snippet:-1","max-image-preview":"max-image-preview:large","max-video-preview":"max-video-preview:-1"},"canonical":"https:\/\/gatefi.es\/sociedades-sin-actividad-y-sin-numero-de-identificacion-fiscal-nif\/","og_locale":"ca_ES","og_type":"article","og_title":"Societats SENSE activitat i SENSE N\u00famero d'Identificaci\u00f3 Fiscal (NIF) - Gatefi","og_url":"https:\/\/gatefi.es\/sociedades-sin-actividad-y-sin-numero-de-identificacion-fiscal-nif\/","og_site_name":"Gatefi","article_published_time":"2025-06-08T11:00:03+00:00","article_modified_time":"2025-07-15T08:29:01+00:00","author":"admin","twitter_card":"summary_large_image","twitter_misc":{"Escrit per":"admin","Temps estimat de lectura":"10 minuts"},"schema":{"@context":"https:\/\/schema.org","@graph":[{"@type":"Article","@id":"https:\/\/gatefi.es\/sociedades-sin-actividad-y-sin-numero-de-identificacion-fiscal-nif\/#article","isPartOf":{"@id":"https:\/\/gatefi.es\/sociedades-sin-actividad-y-sin-numero-de-identificacion-fiscal-nif\/"},"author":{"name":"admin","@id":"https:\/\/gatefi.es\/#\/schema\/person\/76d116c8d94bae382a2b3388777672ad"},"headline":"Societats SENSE activitat i SENSE N\u00famero d&#8217;Identificaci\u00f3 Fiscal (NIF)","datePublished":"2025-06-08T11:00:03+00:00","dateModified":"2025-07-15T08:29:01+00:00","mainEntityOfPage":{"@id":"https:\/\/gatefi.es\/sociedades-sin-actividad-y-sin-numero-de-identificacion-fiscal-nif\/"},"wordCount":1984,"commentCount":0,"publisher":{"@id":"https:\/\/gatefi.es\/#organization"},"articleSection":["Ag\u00e8ncia Tribut\u00e0ria","Fiscal"],"inLanguage":"ca","potentialAction":[{"@type":"CommentAction","name":"Comment","target":["https:\/\/gatefi.es\/sociedades-sin-actividad-y-sin-numero-de-identificacion-fiscal-nif\/#respond"]}]},{"@type":"WebPage","@id":"https:\/\/gatefi.es\/sociedades-sin-actividad-y-sin-numero-de-identificacion-fiscal-nif\/","url":"https:\/\/gatefi.es\/sociedades-sin-actividad-y-sin-numero-de-identificacion-fiscal-nif\/","name":"Societats SENSE activitat i SENSE N\u00famero d'Identificaci\u00f3 Fiscal (NIF) - Gatefi","isPartOf":{"@id":"https:\/\/gatefi.es\/#website"},"datePublished":"2025-06-08T11:00:03+00:00","dateModified":"2025-07-15T08:29:01+00:00","breadcrumb":{"@id":"https:\/\/gatefi.es\/sociedades-sin-actividad-y-sin-numero-de-identificacion-fiscal-nif\/#breadcrumb"},"inLanguage":"ca","potentialAction":[{"@type":"ReadAction","target":["https:\/\/gatefi.es\/sociedades-sin-actividad-y-sin-numero-de-identificacion-fiscal-nif\/"]}]},{"@type":"BreadcrumbList","@id":"https:\/\/gatefi.es\/sociedades-sin-actividad-y-sin-numero-de-identificacion-fiscal-nif\/#breadcrumb","itemListElement":[{"@type":"ListItem","position":1,"name":"Portada","item":"https:\/\/gatefi.es\/ca\/home\/"},{"@type":"ListItem","position":2,"name":"Societats SENSE activitat i SENSE N\u00famero d&#8217;Identificaci\u00f3 Fiscal (NIF)"}]},{"@type":"WebSite","@id":"https:\/\/gatefi.es\/#website","url":"https:\/\/gatefi.es\/","name":"Gatefi","description":"","publisher":{"@id":"https:\/\/gatefi.es\/#organization"},"potentialAction":[{"@type":"SearchAction","target":{"@type":"EntryPoint","urlTemplate":"https:\/\/gatefi.es\/?s={search_term_string}"},"query-input":{"@type":"PropertyValueSpecification","valueRequired":true,"valueName":"search_term_string"}}],"inLanguage":"ca"},{"@type":"Organization","@id":"https:\/\/gatefi.es\/#organization","name":"Gatefi","url":"https:\/\/gatefi.es\/","logo":{"@type":"ImageObject","inLanguage":"ca","@id":"https:\/\/gatefi.es\/#\/schema\/logo\/image\/","url":"https:\/\/gatefi.es\/wp-content\/uploads\/2025\/05\/logo-2.png","contentUrl":"https:\/\/gatefi.es\/wp-content\/uploads\/2025\/05\/logo-2.png","width":133,"height":55,"caption":"Gatefi"},"image":{"@id":"https:\/\/gatefi.es\/#\/schema\/logo\/image\/"}},{"@type":"Person","@id":"https:\/\/gatefi.es\/#\/schema\/person\/76d116c8d94bae382a2b3388777672ad","name":"admin","image":{"@type":"ImageObject","inLanguage":"ca","@id":"https:\/\/gatefi.es\/#\/schema\/person\/image\/","url":"https:\/\/secure.gravatar.com\/avatar\/128ddaa8fd25bf4339cb192ade2a01e84e20a555b66442ee33957ea7b9aaca15?s=96&d=mm&r=g","contentUrl":"https:\/\/secure.gravatar.com\/avatar\/128ddaa8fd25bf4339cb192ade2a01e84e20a555b66442ee33957ea7b9aaca15?s=96&d=mm&r=g","caption":"admin"},"sameAs":["https:\/\/gatefi.es"],"url":"https:\/\/gatefi.es\/ca\/author\/agarcia_1jqu30ti\/"}]}},"_links":{"self":[{"href":"https:\/\/gatefi.es\/ca\/wp-json\/wp\/v2\/posts\/702","targetHints":{"allow":["GET"]}}],"collection":[{"href":"https:\/\/gatefi.es\/ca\/wp-json\/wp\/v2\/posts"}],"about":[{"href":"https:\/\/gatefi.es\/ca\/wp-json\/wp\/v2\/types\/post"}],"author":[{"embeddable":true,"href":"https:\/\/gatefi.es\/ca\/wp-json\/wp\/v2\/users\/1"}],"replies":[{"embeddable":true,"href":"https:\/\/gatefi.es\/ca\/wp-json\/wp\/v2\/comments?post=702"}],"version-history":[{"count":2,"href":"https:\/\/gatefi.es\/ca\/wp-json\/wp\/v2\/posts\/702\/revisions"}],"predecessor-version":[{"id":704,"href":"https:\/\/gatefi.es\/ca\/wp-json\/wp\/v2\/posts\/702\/revisions\/704"}],"wp:attachment":[{"href":"https:\/\/gatefi.es\/ca\/wp-json\/wp\/v2\/media?parent=702"}],"wp:term":[{"taxonomy":"category","embeddable":true,"href":"https:\/\/gatefi.es\/ca\/wp-json\/wp\/v2\/categories?post=702"},{"taxonomy":"post_tag","embeddable":true,"href":"https:\/\/gatefi.es\/ca\/wp-json\/wp\/v2\/tags?post=702"}],"curies":[{"name":"wp","href":"https:\/\/api.w.org\/{rel}","templated":true}]}}