{"id":699,"date":"2025-06-08T11:31:36","date_gmt":"2025-06-08T11:31:36","guid":{"rendered":"https:\/\/gatefi.es\/la-importancia-de-la-concrecio-en-el-periode-de-prova-analisi-de-la-sts-1164-2024\/"},"modified":"2025-07-15T07:52:14","modified_gmt":"2025-07-15T07:52:14","slug":"la-importancia-de-la-concrecio-en-el-periode-de-prova-analisi-de-la-sts-1164-2024","status":"publish","type":"post","link":"https:\/\/gatefi.es\/ca\/la-importancia-de-la-concrecio-en-el-periode-de-prova-analisi-de-la-sts-1164-2024\/","title":{"rendered":"La Import\u00e0ncia de la Concreci\u00f3 en el Per\u00edode de Prova: An\u00e0lisi de la STS 1164\/2024"},"content":{"rendered":"<p><div class=\"fusion-fullwidth fullwidth-box fusion-builder-row-1 fusion-flex-container has-pattern-background has-mask-background nonhundred-percent-fullwidth non-hundred-percent-height-scrolling\" style=\"--awb-border-radius-top-left:0px;--awb-border-radius-top-right:0px;--awb-border-radius-bottom-right:0px;--awb-border-radius-bottom-left:0px;--awb-flex-wrap:wrap;\" ><div class=\"fusion-builder-row fusion-row fusion-flex-align-items-flex-start fusion-flex-content-wrap\" style=\"max-width:1248px;margin-left: calc(-4% \/ 2 );margin-right: calc(-4% \/ 2 );\"><div class=\"fusion-layout-column fusion_builder_column fusion-builder-column-0 fusion_builder_column_1_1 1_1 fusion-flex-column\" style=\"--awb-bg-size:cover;--awb-width-large:100%;--awb-margin-top-large:0px;--awb-spacing-right-large:28.416%;--awb-margin-bottom-large:20px;--awb-spacing-left-large:1.92%;--awb-width-medium:100%;--awb-order-medium:0;--awb-spacing-right-medium:28.416%;--awb-spacing-left-medium:1.92%;--awb-width-small:100%;--awb-order-small:0;--awb-spacing-right-small:1.92%;--awb-spacing-left-small:1.92%;\"><div class=\"fusion-column-wrapper fusion-column-has-shadow fusion-flex-justify-content-flex-start fusion-content-layout-column\"><div class=\"fusion-title title fusion-title-1 fusion-sep-none fusion-title-text fusion-title-size-three\" style=\"--awb-font-size:20px;\"><h3 class=\"fusion-title-heading title-heading-left\" style=\"margin:0;font-size:1em;\"><h3 data-fontsize=\"18\" data-lineheight=\"27\">La Import\u00e0ncia de la Concreci\u00f3 en el Per\u00edode de Prova: An\u00e0lisi de la STS 1164\/2024<\/h3><\/h3><\/div><div class=\"fusion-image-element \" style=\"--awb-caption-title-font-family:var(--h2_typography-font-family);--awb-caption-title-font-weight:var(--h2_typography-font-weight);--awb-caption-title-font-style:var(--h2_typography-font-style);--awb-caption-title-size:var(--h2_typography-font-size);--awb-caption-title-transform:var(--h2_typography-text-transform);--awb-caption-title-line-height:var(--h2_typography-line-height);--awb-caption-title-letter-spacing:var(--h2_typography-letter-spacing);\"><span class=\" fusion-imageframe imageframe-none imageframe-1 hover-type-none\"><img decoding=\"async\" width=\"400\" height=\"400\" title=\"Blog-Gatefi-400&#215;400\" src=\"https:\/\/gatefi.es\/wp-content\/uploads\/2025\/06\/Blog-Gatefi-400x400-1.jpg\" alt class=\"img-responsive wp-image-626\" srcset=\"https:\/\/gatefi.es\/wp-content\/uploads\/2025\/06\/Blog-Gatefi-400x400-1-200x200.jpg 200w, https:\/\/gatefi.es\/wp-content\/uploads\/2025\/06\/Blog-Gatefi-400x400-1.jpg 400w\" sizes=\"(max-width: 640px) 100vw, 400px\" \/><\/span><\/div><div class=\"fusion-text fusion-text-1\" style=\"--awb-font-size:15px;\"><p>El Tribunal Suprem, en la seva sent\u00e8ncia del 24 de setembre de 2024 (STS 1164\/2024), ha abordat un tema crucial per a la seguretat jur\u00eddica dels treballadors: la validesa de les cl\u00e0usules sobre el per\u00edode de prova en els contractes de treball.<\/p>\n<\/div><\/div><\/div><\/div><\/div><div class=\"fusion-fullwidth fullwidth-box fusion-builder-row-2 fusion-flex-container has-pattern-background has-mask-background nonhundred-percent-fullwidth non-hundred-percent-height-scrolling\" style=\"--awb-border-radius-top-left:0px;--awb-border-radius-top-right:0px;--awb-border-radius-bottom-right:0px;--awb-border-radius-bottom-left:0px;--awb-flex-wrap:wrap;\" ><div class=\"fusion-builder-row fusion-row fusion-flex-align-items-flex-start fusion-flex-content-wrap\" style=\"max-width:1248px;margin-left: calc(-4% \/ 2 );margin-right: calc(-4% \/ 2 );\"><div class=\"fusion-layout-column fusion_builder_column fusion-builder-column-1 fusion_builder_column_1_1 1_1 fusion-flex-column\" style=\"--awb-bg-size:cover;--awb-width-large:100%;--awb-margin-top-large:0px;--awb-spacing-right-large:1.92%;--awb-margin-bottom-large:20px;--awb-spacing-left-large:1.92%;--awb-width-medium:100%;--awb-order-medium:0;--awb-spacing-right-medium:1.92%;--awb-spacing-left-medium:1.92%;--awb-width-small:100%;--awb-order-small:0;--awb-spacing-right-small:1.92%;--awb-spacing-left-small:1.92%;\"><div class=\"fusion-column-wrapper fusion-column-has-shadow fusion-flex-justify-content-flex-start fusion-content-layout-column\"><div class=\"fusion-title title fusion-title-2 fusion-sep-none fusion-title-text fusion-title-size-one\" style=\"--awb-font-size:20px;\"><h1 class=\"fusion-title-heading title-heading-left\" style=\"margin:0;font-size:1em;\"><h4 class=\"wp-block-heading\" data-fontsize=\"13\" data-lineheight=\"20\">Context de la Sent\u00e8ncia<\/h4><\/h1><\/div><div class=\"fusion-text fusion-text-2\" style=\"--awb-font-size:16px;\"><p>En aquest cas, es q\u00fcestionava una cl\u00e0usula contractual que remetia al conveni col\u00b7lectiu aplicable sense especificar una durada concreta per al per\u00edode de prova. Aquesta falta de concreci\u00f3 generava incertesa per al treballador, qui no podia con\u00e8ixer amb exactitud quan finalitzava aquest per\u00edode.<\/p>\n<\/div><div class=\"fusion-title title fusion-title-3 fusion-sep-none fusion-title-text fusion-title-size-one\" style=\"--awb-font-size:20px;\"><h1 class=\"fusion-title-heading title-heading-left\" style=\"margin:0;font-size:1em;\"><h4 class=\"wp-block-heading\" data-fontsize=\"13\" data-lineheight=\"20\">Decisi\u00f3 del Tribunal<\/h4><\/h1><\/div><div class=\"fusion-text fusion-text-3\" style=\"--awb-font-size:16px;\"><p>El Tribunal Suprem va declarar nul\u00b7la aquesta cl\u00e0usula, argumentant que la indeterminaci\u00f3 en la durada del per\u00edode de prova crea una greu inseguretat jur\u00eddica. Segons el Tribunal, \u00e9s essencial que els contractes de treball especifiquin clarament la durada del per\u00edode de prova per protegir els drets dels treballadors.<\/p>\n<\/div><div class=\"fusion-title title fusion-title-4 fusion-sep-none fusion-title-text fusion-title-size-one\" style=\"--awb-font-size:20px;\"><h1 class=\"fusion-title-heading title-heading-left\" style=\"margin:0;font-size:1em;\"><h4 class=\"wp-block-heading\" data-fontsize=\"13\" data-lineheight=\"20\">Implicacions de la Sent\u00e8ncia<\/h4><\/h1><\/div><div class=\"fusion-text fusion-text-4\" style=\"--awb-font-size:16px;\"><p>La sent\u00e8ncia t\u00e9 importants implicacions per a la redacci\u00f3 de contractes laborals. A partir d&#8217;ara, les empreses hauran d&#8217;assegurar-se que les cl\u00e0usules sobre el per\u00edode de prova siguin clares i espec\u00edfiques. Altrament, podrien enfrontar-se a la nul\u00b7litat d\u2019aquestes cl\u00e0usules i a la qualificaci\u00f3 de acomiadament improcedent si es basen en la no superaci\u00f3 d\u2019un per\u00edode de prova indeterminat.<\/p>\n<\/div><div class=\"fusion-title title fusion-title-5 fusion-sep-none fusion-title-text fusion-title-size-one\" style=\"--awb-font-size:20px;\"><h1 class=\"fusion-title-heading title-heading-left\" style=\"margin:0;font-size:1em;\"><h4 class=\"wp-block-heading\" data-fontsize=\"13\" data-lineheight=\"20\">Conclusi\u00f3<\/h4><\/h1><\/div><div class=\"fusion-text fusion-text-5\" style=\"--awb-font-size:16px;\"><p>La STS 1164\/2024 refor\u00e7a la necessitat de claredat i precisi\u00f3 en els contractes de treball, protegint aix\u00ed els drets dels treballadors i garantint una major seguretat jur\u00eddica. Aquesta sent\u00e8ncia \u00e9s un recordatori per a les empreses de la import\u00e0ncia de redactar contractes amb termes clars i espec\u00edfics.<\/p>\n<\/div><\/div><\/div><\/div><\/div><\/p>\n","protected":false},"excerpt":{"rendered":"","protected":false},"author":1,"featured_media":626,"comment_status":"open","ping_status":"open","sticky":false,"template":"","format":"standard","meta":{"footnotes":""},"categories":[29],"tags":[],"class_list":["post-699","post","type-post","status-publish","format-standard","has-post-thumbnail","hentry","category-laboral-ca"],"yoast_head":"<!-- This site is optimized with the Yoast SEO plugin v26.0 - https:\/\/yoast.com\/wordpress\/plugins\/seo\/ -->\n<title>La Import\u00e0ncia de la Concreci\u00f3 en el Per\u00edode de Prova: An\u00e0lisi de la STS 1164\/2024 - Gatefi<\/title>\n<meta name=\"robots\" content=\"index, follow, max-snippet:-1, max-image-preview:large, max-video-preview:-1\" \/>\n<link rel=\"canonical\" href=\"https:\/\/gatefi.es\/la-importancia-de-la-concrecion-en-el-periodo-de-prueba-analisis-de-la-sts-1164-2024\/\" \/>\n<meta property=\"og:locale\" content=\"ca_ES\" \/>\n<meta property=\"og:type\" content=\"article\" \/>\n<meta property=\"og:title\" content=\"La Import\u00e0ncia de la Concreci\u00f3 en el Per\u00edode de Prova: An\u00e0lisi de la STS 1164\/2024 - Gatefi\" \/>\n<meta property=\"og:url\" content=\"https:\/\/gatefi.es\/la-importancia-de-la-concrecion-en-el-periodo-de-prueba-analisis-de-la-sts-1164-2024\/\" \/>\n<meta property=\"og:site_name\" content=\"Gatefi\" \/>\n<meta property=\"article:published_time\" content=\"2025-06-08T11:31:36+00:00\" \/>\n<meta property=\"article:modified_time\" content=\"2025-07-15T07:52:14+00:00\" \/>\n<meta property=\"og:image\" content=\"https:\/\/gatefi.es\/wp-content\/uploads\/2025\/06\/Blog-Gatefi-400x400-1.jpg\" \/>\n\t<meta property=\"og:image:width\" content=\"400\" \/>\n\t<meta property=\"og:image:height\" content=\"400\" \/>\n\t<meta property=\"og:image:type\" content=\"image\/jpeg\" \/>\n<meta name=\"author\" content=\"admin\" \/>\n<meta name=\"twitter:card\" content=\"summary_large_image\" \/>\n<meta name=\"twitter:label1\" content=\"Escrit per\" \/>\n\t<meta name=\"twitter:data1\" content=\"admin\" \/>\n\t<meta name=\"twitter:label2\" content=\"Temps estimat de lectura\" \/>\n\t<meta name=\"twitter:data2\" content=\"9 minuts\" \/>\n<script type=\"application\/ld+json\" class=\"yoast-schema-graph\">{\"@context\":\"https:\/\/schema.org\",\"@graph\":[{\"@type\":\"Article\",\"@id\":\"https:\/\/gatefi.es\/la-importancia-de-la-concrecion-en-el-periodo-de-prueba-analisis-de-la-sts-1164-2024\/#article\",\"isPartOf\":{\"@id\":\"https:\/\/gatefi.es\/la-importancia-de-la-concrecion-en-el-periodo-de-prueba-analisis-de-la-sts-1164-2024\/\"},\"author\":{\"name\":\"admin\",\"@id\":\"https:\/\/gatefi.es\/#\/schema\/person\/76d116c8d94bae382a2b3388777672ad\"},\"headline\":\"La Import\u00e0ncia de la Concreci\u00f3 en el Per\u00edode de Prova: An\u00e0lisi de la STS 1164\/2024\",\"datePublished\":\"2025-06-08T11:31:36+00:00\",\"dateModified\":\"2025-07-15T07:52:14+00:00\",\"mainEntityOfPage\":{\"@id\":\"https:\/\/gatefi.es\/la-importancia-de-la-concrecion-en-el-periodo-de-prueba-analisis-de-la-sts-1164-2024\/\"},\"wordCount\":1913,\"commentCount\":0,\"publisher\":{\"@id\":\"https:\/\/gatefi.es\/#organization\"},\"image\":{\"@id\":\"https:\/\/gatefi.es\/la-importancia-de-la-concrecion-en-el-periodo-de-prueba-analisis-de-la-sts-1164-2024\/#primaryimage\"},\"thumbnailUrl\":\"https:\/\/gatefi.es\/wp-content\/uploads\/2025\/06\/Blog-Gatefi-400x400-1.jpg\",\"articleSection\":[\"Laboral\"],\"inLanguage\":\"ca\",\"potentialAction\":[{\"@type\":\"CommentAction\",\"name\":\"Comment\",\"target\":[\"https:\/\/gatefi.es\/la-importancia-de-la-concrecion-en-el-periodo-de-prueba-analisis-de-la-sts-1164-2024\/#respond\"]}]},{\"@type\":\"WebPage\",\"@id\":\"https:\/\/gatefi.es\/la-importancia-de-la-concrecion-en-el-periodo-de-prueba-analisis-de-la-sts-1164-2024\/\",\"url\":\"https:\/\/gatefi.es\/la-importancia-de-la-concrecion-en-el-periodo-de-prueba-analisis-de-la-sts-1164-2024\/\",\"name\":\"La Import\u00e0ncia de la Concreci\u00f3 en el Per\u00edode de Prova: An\u00e0lisi de la STS 1164\/2024 - Gatefi\",\"isPartOf\":{\"@id\":\"https:\/\/gatefi.es\/#website\"},\"primaryImageOfPage\":{\"@id\":\"https:\/\/gatefi.es\/la-importancia-de-la-concrecion-en-el-periodo-de-prueba-analisis-de-la-sts-1164-2024\/#primaryimage\"},\"image\":{\"@id\":\"https:\/\/gatefi.es\/la-importancia-de-la-concrecion-en-el-periodo-de-prueba-analisis-de-la-sts-1164-2024\/#primaryimage\"},\"thumbnailUrl\":\"https:\/\/gatefi.es\/wp-content\/uploads\/2025\/06\/Blog-Gatefi-400x400-1.jpg\",\"datePublished\":\"2025-06-08T11:31:36+00:00\",\"dateModified\":\"2025-07-15T07:52:14+00:00\",\"breadcrumb\":{\"@id\":\"https:\/\/gatefi.es\/la-importancia-de-la-concrecion-en-el-periodo-de-prueba-analisis-de-la-sts-1164-2024\/#breadcrumb\"},\"inLanguage\":\"ca\",\"potentialAction\":[{\"@type\":\"ReadAction\",\"target\":[\"https:\/\/gatefi.es\/la-importancia-de-la-concrecion-en-el-periodo-de-prueba-analisis-de-la-sts-1164-2024\/\"]}]},{\"@type\":\"ImageObject\",\"inLanguage\":\"ca\",\"@id\":\"https:\/\/gatefi.es\/la-importancia-de-la-concrecion-en-el-periodo-de-prueba-analisis-de-la-sts-1164-2024\/#primaryimage\",\"url\":\"https:\/\/gatefi.es\/wp-content\/uploads\/2025\/06\/Blog-Gatefi-400x400-1.jpg\",\"contentUrl\":\"https:\/\/gatefi.es\/wp-content\/uploads\/2025\/06\/Blog-Gatefi-400x400-1.jpg\",\"width\":400,\"height\":400},{\"@type\":\"BreadcrumbList\",\"@id\":\"https:\/\/gatefi.es\/la-importancia-de-la-concrecion-en-el-periodo-de-prueba-analisis-de-la-sts-1164-2024\/#breadcrumb\",\"itemListElement\":[{\"@type\":\"ListItem\",\"position\":1,\"name\":\"Portada\",\"item\":\"https:\/\/gatefi.es\/ca\/home\/\"},{\"@type\":\"ListItem\",\"position\":2,\"name\":\"La Import\u00e0ncia de la Concreci\u00f3 en el Per\u00edode de Prova: An\u00e0lisi de la STS 1164\/2024\"}]},{\"@type\":\"WebSite\",\"@id\":\"https:\/\/gatefi.es\/#website\",\"url\":\"https:\/\/gatefi.es\/\",\"name\":\"Gatefi\",\"description\":\"\",\"publisher\":{\"@id\":\"https:\/\/gatefi.es\/#organization\"},\"potentialAction\":[{\"@type\":\"SearchAction\",\"target\":{\"@type\":\"EntryPoint\",\"urlTemplate\":\"https:\/\/gatefi.es\/?s={search_term_string}\"},\"query-input\":{\"@type\":\"PropertyValueSpecification\",\"valueRequired\":true,\"valueName\":\"search_term_string\"}}],\"inLanguage\":\"ca\"},{\"@type\":\"Organization\",\"@id\":\"https:\/\/gatefi.es\/#organization\",\"name\":\"Gatefi\",\"url\":\"https:\/\/gatefi.es\/\",\"logo\":{\"@type\":\"ImageObject\",\"inLanguage\":\"ca\",\"@id\":\"https:\/\/gatefi.es\/#\/schema\/logo\/image\/\",\"url\":\"https:\/\/gatefi.es\/wp-content\/uploads\/2025\/05\/logo-2.png\",\"contentUrl\":\"https:\/\/gatefi.es\/wp-content\/uploads\/2025\/05\/logo-2.png\",\"width\":133,\"height\":55,\"caption\":\"Gatefi\"},\"image\":{\"@id\":\"https:\/\/gatefi.es\/#\/schema\/logo\/image\/\"}},{\"@type\":\"Person\",\"@id\":\"https:\/\/gatefi.es\/#\/schema\/person\/76d116c8d94bae382a2b3388777672ad\",\"name\":\"admin\",\"image\":{\"@type\":\"ImageObject\",\"inLanguage\":\"ca\",\"@id\":\"https:\/\/gatefi.es\/#\/schema\/person\/image\/\",\"url\":\"https:\/\/secure.gravatar.com\/avatar\/128ddaa8fd25bf4339cb192ade2a01e84e20a555b66442ee33957ea7b9aaca15?s=96&d=mm&r=g\",\"contentUrl\":\"https:\/\/secure.gravatar.com\/avatar\/128ddaa8fd25bf4339cb192ade2a01e84e20a555b66442ee33957ea7b9aaca15?s=96&d=mm&r=g\",\"caption\":\"admin\"},\"sameAs\":[\"https:\/\/gatefi.es\"],\"url\":\"https:\/\/gatefi.es\/ca\/author\/agarcia_1jqu30ti\/\"}]}<\/script>\n<!-- \/ Yoast SEO plugin. -->","yoast_head_json":{"title":"La Import\u00e0ncia de la Concreci\u00f3 en el Per\u00edode de Prova: An\u00e0lisi de la STS 1164\/2024 - Gatefi","robots":{"index":"index","follow":"follow","max-snippet":"max-snippet:-1","max-image-preview":"max-image-preview:large","max-video-preview":"max-video-preview:-1"},"canonical":"https:\/\/gatefi.es\/la-importancia-de-la-concrecion-en-el-periodo-de-prueba-analisis-de-la-sts-1164-2024\/","og_locale":"ca_ES","og_type":"article","og_title":"La Import\u00e0ncia de la Concreci\u00f3 en el Per\u00edode de Prova: An\u00e0lisi de la STS 1164\/2024 - Gatefi","og_url":"https:\/\/gatefi.es\/la-importancia-de-la-concrecion-en-el-periodo-de-prueba-analisis-de-la-sts-1164-2024\/","og_site_name":"Gatefi","article_published_time":"2025-06-08T11:31:36+00:00","article_modified_time":"2025-07-15T07:52:14+00:00","og_image":[{"width":400,"height":400,"url":"https:\/\/gatefi.es\/wp-content\/uploads\/2025\/06\/Blog-Gatefi-400x400-1.jpg","type":"image\/jpeg"}],"author":"admin","twitter_card":"summary_large_image","twitter_misc":{"Escrit per":"admin","Temps estimat de lectura":"9 minuts"},"schema":{"@context":"https:\/\/schema.org","@graph":[{"@type":"Article","@id":"https:\/\/gatefi.es\/la-importancia-de-la-concrecion-en-el-periodo-de-prueba-analisis-de-la-sts-1164-2024\/#article","isPartOf":{"@id":"https:\/\/gatefi.es\/la-importancia-de-la-concrecion-en-el-periodo-de-prueba-analisis-de-la-sts-1164-2024\/"},"author":{"name":"admin","@id":"https:\/\/gatefi.es\/#\/schema\/person\/76d116c8d94bae382a2b3388777672ad"},"headline":"La Import\u00e0ncia de la Concreci\u00f3 en el Per\u00edode de Prova: An\u00e0lisi de la STS 1164\/2024","datePublished":"2025-06-08T11:31:36+00:00","dateModified":"2025-07-15T07:52:14+00:00","mainEntityOfPage":{"@id":"https:\/\/gatefi.es\/la-importancia-de-la-concrecion-en-el-periodo-de-prueba-analisis-de-la-sts-1164-2024\/"},"wordCount":1913,"commentCount":0,"publisher":{"@id":"https:\/\/gatefi.es\/#organization"},"image":{"@id":"https:\/\/gatefi.es\/la-importancia-de-la-concrecion-en-el-periodo-de-prueba-analisis-de-la-sts-1164-2024\/#primaryimage"},"thumbnailUrl":"https:\/\/gatefi.es\/wp-content\/uploads\/2025\/06\/Blog-Gatefi-400x400-1.jpg","articleSection":["Laboral"],"inLanguage":"ca","potentialAction":[{"@type":"CommentAction","name":"Comment","target":["https:\/\/gatefi.es\/la-importancia-de-la-concrecion-en-el-periodo-de-prueba-analisis-de-la-sts-1164-2024\/#respond"]}]},{"@type":"WebPage","@id":"https:\/\/gatefi.es\/la-importancia-de-la-concrecion-en-el-periodo-de-prueba-analisis-de-la-sts-1164-2024\/","url":"https:\/\/gatefi.es\/la-importancia-de-la-concrecion-en-el-periodo-de-prueba-analisis-de-la-sts-1164-2024\/","name":"La Import\u00e0ncia de la Concreci\u00f3 en el Per\u00edode de Prova: An\u00e0lisi de la STS 1164\/2024 - Gatefi","isPartOf":{"@id":"https:\/\/gatefi.es\/#website"},"primaryImageOfPage":{"@id":"https:\/\/gatefi.es\/la-importancia-de-la-concrecion-en-el-periodo-de-prueba-analisis-de-la-sts-1164-2024\/#primaryimage"},"image":{"@id":"https:\/\/gatefi.es\/la-importancia-de-la-concrecion-en-el-periodo-de-prueba-analisis-de-la-sts-1164-2024\/#primaryimage"},"thumbnailUrl":"https:\/\/gatefi.es\/wp-content\/uploads\/2025\/06\/Blog-Gatefi-400x400-1.jpg","datePublished":"2025-06-08T11:31:36+00:00","dateModified":"2025-07-15T07:52:14+00:00","breadcrumb":{"@id":"https:\/\/gatefi.es\/la-importancia-de-la-concrecion-en-el-periodo-de-prueba-analisis-de-la-sts-1164-2024\/#breadcrumb"},"inLanguage":"ca","potentialAction":[{"@type":"ReadAction","target":["https:\/\/gatefi.es\/la-importancia-de-la-concrecion-en-el-periodo-de-prueba-analisis-de-la-sts-1164-2024\/"]}]},{"@type":"ImageObject","inLanguage":"ca","@id":"https:\/\/gatefi.es\/la-importancia-de-la-concrecion-en-el-periodo-de-prueba-analisis-de-la-sts-1164-2024\/#primaryimage","url":"https:\/\/gatefi.es\/wp-content\/uploads\/2025\/06\/Blog-Gatefi-400x400-1.jpg","contentUrl":"https:\/\/gatefi.es\/wp-content\/uploads\/2025\/06\/Blog-Gatefi-400x400-1.jpg","width":400,"height":400},{"@type":"BreadcrumbList","@id":"https:\/\/gatefi.es\/la-importancia-de-la-concrecion-en-el-periodo-de-prueba-analisis-de-la-sts-1164-2024\/#breadcrumb","itemListElement":[{"@type":"ListItem","position":1,"name":"Portada","item":"https:\/\/gatefi.es\/ca\/home\/"},{"@type":"ListItem","position":2,"name":"La Import\u00e0ncia de la Concreci\u00f3 en el Per\u00edode de Prova: An\u00e0lisi de la STS 1164\/2024"}]},{"@type":"WebSite","@id":"https:\/\/gatefi.es\/#website","url":"https:\/\/gatefi.es\/","name":"Gatefi","description":"","publisher":{"@id":"https:\/\/gatefi.es\/#organization"},"potentialAction":[{"@type":"SearchAction","target":{"@type":"EntryPoint","urlTemplate":"https:\/\/gatefi.es\/?s={search_term_string}"},"query-input":{"@type":"PropertyValueSpecification","valueRequired":true,"valueName":"search_term_string"}}],"inLanguage":"ca"},{"@type":"Organization","@id":"https:\/\/gatefi.es\/#organization","name":"Gatefi","url":"https:\/\/gatefi.es\/","logo":{"@type":"ImageObject","inLanguage":"ca","@id":"https:\/\/gatefi.es\/#\/schema\/logo\/image\/","url":"https:\/\/gatefi.es\/wp-content\/uploads\/2025\/05\/logo-2.png","contentUrl":"https:\/\/gatefi.es\/wp-content\/uploads\/2025\/05\/logo-2.png","width":133,"height":55,"caption":"Gatefi"},"image":{"@id":"https:\/\/gatefi.es\/#\/schema\/logo\/image\/"}},{"@type":"Person","@id":"https:\/\/gatefi.es\/#\/schema\/person\/76d116c8d94bae382a2b3388777672ad","name":"admin","image":{"@type":"ImageObject","inLanguage":"ca","@id":"https:\/\/gatefi.es\/#\/schema\/person\/image\/","url":"https:\/\/secure.gravatar.com\/avatar\/128ddaa8fd25bf4339cb192ade2a01e84e20a555b66442ee33957ea7b9aaca15?s=96&d=mm&r=g","contentUrl":"https:\/\/secure.gravatar.com\/avatar\/128ddaa8fd25bf4339cb192ade2a01e84e20a555b66442ee33957ea7b9aaca15?s=96&d=mm&r=g","caption":"admin"},"sameAs":["https:\/\/gatefi.es"],"url":"https:\/\/gatefi.es\/ca\/author\/agarcia_1jqu30ti\/"}]}},"_links":{"self":[{"href":"https:\/\/gatefi.es\/ca\/wp-json\/wp\/v2\/posts\/699","targetHints":{"allow":["GET"]}}],"collection":[{"href":"https:\/\/gatefi.es\/ca\/wp-json\/wp\/v2\/posts"}],"about":[{"href":"https:\/\/gatefi.es\/ca\/wp-json\/wp\/v2\/types\/post"}],"author":[{"embeddable":true,"href":"https:\/\/gatefi.es\/ca\/wp-json\/wp\/v2\/users\/1"}],"replies":[{"embeddable":true,"href":"https:\/\/gatefi.es\/ca\/wp-json\/wp\/v2\/comments?post=699"}],"version-history":[{"count":2,"href":"https:\/\/gatefi.es\/ca\/wp-json\/wp\/v2\/posts\/699\/revisions"}],"predecessor-version":[{"id":701,"href":"https:\/\/gatefi.es\/ca\/wp-json\/wp\/v2\/posts\/699\/revisions\/701"}],"wp:featuredmedia":[{"embeddable":true,"href":"https:\/\/gatefi.es\/ca\/wp-json\/wp\/v2\/media\/626"}],"wp:attachment":[{"href":"https:\/\/gatefi.es\/ca\/wp-json\/wp\/v2\/media?parent=699"}],"wp:term":[{"taxonomy":"category","embeddable":true,"href":"https:\/\/gatefi.es\/ca\/wp-json\/wp\/v2\/categories?post=699"},{"taxonomy":"post_tag","embeddable":true,"href":"https:\/\/gatefi.es\/ca\/wp-json\/wp\/v2\/tags?post=699"}],"curies":[{"name":"wp","href":"https:\/\/api.w.org\/{rel}","templated":true}]}}