{"id":693,"date":"2025-06-09T09:53:10","date_gmt":"2025-06-09T09:53:10","guid":{"rendered":"https:\/\/gatefi.es\/model-347\/"},"modified":"2025-07-14T12:54:13","modified_gmt":"2025-07-14T12:54:13","slug":"model-347","status":"publish","type":"post","link":"https:\/\/gatefi.es\/ca\/model-347\/","title":{"rendered":"Model 347"},"content":{"rendered":"<p><div class=\"fusion-fullwidth fullwidth-box fusion-builder-row-1 fusion-flex-container has-pattern-background has-mask-background nonhundred-percent-fullwidth non-hundred-percent-height-scrolling\" style=\"--awb-border-radius-top-left:0px;--awb-border-radius-top-right:0px;--awb-border-radius-bottom-right:0px;--awb-border-radius-bottom-left:0px;--awb-flex-wrap:wrap;\" ><div class=\"fusion-builder-row fusion-row fusion-flex-align-items-flex-start fusion-flex-content-wrap\" style=\"max-width:1248px;margin-left: calc(-4% \/ 2 );margin-right: calc(-4% \/ 2 );\"><div class=\"fusion-layout-column fusion_builder_column fusion-builder-column-0 fusion_builder_column_1_1 1_1 fusion-flex-column\" style=\"--awb-bg-size:cover;--awb-width-large:100%;--awb-margin-top-large:0px;--awb-spacing-right-large:28.416%;--awb-margin-bottom-large:20px;--awb-spacing-left-large:1.92%;--awb-width-medium:100%;--awb-order-medium:0;--awb-spacing-right-medium:28.416%;--awb-spacing-left-medium:1.92%;--awb-width-small:100%;--awb-order-small:0;--awb-spacing-right-small:1.92%;--awb-spacing-left-small:1.92%;\"><div class=\"fusion-column-wrapper fusion-column-has-shadow fusion-flex-justify-content-flex-start fusion-content-layout-column\"><div class=\"fusion-title title fusion-title-1 fusion-sep-none fusion-title-text fusion-title-size-three\" style=\"--awb-font-size:20px;\"><h3 class=\"fusion-title-heading title-heading-left\" style=\"margin:0;font-size:1em;\"><h3 data-fontsize=\"18\" data-lineheight=\"27\"><strong>Model 347. Preguntes freq\u00fcents <\/strong><\/h3><\/h3><\/div><div class=\"fusion-separator fusion-full-width-sep\" style=\"align-self: center;margin-left: auto;margin-right: auto;width:100%;\"><div class=\"fusion-separator-border sep-single sep-solid\" style=\"--awb-height:20px;--awb-amount:20px;--awb-sep-color:#000000;border-color:#000000;border-top-width:2px;\"><\/div><\/div><div class=\"fusion-title title fusion-title-2 fusion-sep-none fusion-title-text fusion-title-size-one\" style=\"--awb-margin-top:-1%;--awb-font-size:20px;\"><h1 class=\"fusion-title-heading title-heading-left\" style=\"margin:0;font-size:1em;\"><h3 class=\"wp-block-heading\" data-fontsize=\"18\" data-lineheight=\"27\"><strong>Preguntes freq\u00fcents sobre el Model 347 a Espanya<\/strong><\/h3><\/h1><\/div><div class=\"fusion-title title fusion-title-3 fusion-sep-none fusion-title-text fusion-title-size-one\" style=\"--awb-margin-top:-1%;--awb-font-size:18px;\"><h1 class=\"fusion-title-heading title-heading-left\" style=\"margin:0;font-size:1em;\"><h3 class=\"wp-block-heading\" data-fontsize=\"18\" data-lineheight=\"27\"><strong>Qu\u00e8 \u00e9s el model 347?<\/strong><\/h3><\/h1><\/div><div class=\"fusion-text fusion-text-1\" style=\"--awb-font-size:15px;\"><p>El model 347 \u00e9s una declaraci\u00f3 informativa anual que han de presentar els aut\u00f2noms i les empreses a Espanya per informar l\u2019Ag\u00e8ncia Tribut\u00e0ria sobre les operacions amb tercers que superin els 3.005,06 \u20ac (IVA incl\u00f2s) en un any natural.<\/p>\n<\/div><\/div><\/div><\/div><\/div><div class=\"fusion-fullwidth fullwidth-box fusion-builder-row-2 fusion-flex-container has-pattern-background has-mask-background nonhundred-percent-fullwidth non-hundred-percent-height-scrolling\" style=\"--awb-border-radius-top-left:0px;--awb-border-radius-top-right:0px;--awb-border-radius-bottom-right:0px;--awb-border-radius-bottom-left:0px;--awb-flex-wrap:wrap;\" ><div class=\"fusion-builder-row fusion-row fusion-flex-align-items-flex-start fusion-flex-content-wrap\" style=\"max-width:1248px;margin-left: calc(-4% \/ 2 );margin-right: calc(-4% \/ 2 );\"><div class=\"fusion-layout-column fusion_builder_column fusion-builder-column-1 fusion_builder_column_1_1 1_1 fusion-flex-column\" style=\"--awb-bg-size:cover;--awb-width-large:100%;--awb-margin-top-large:0px;--awb-spacing-right-large:1.92%;--awb-margin-bottom-large:20px;--awb-spacing-left-large:1.92%;--awb-width-medium:100%;--awb-order-medium:0;--awb-spacing-right-medium:1.92%;--awb-spacing-left-medium:1.92%;--awb-width-small:100%;--awb-order-small:0;--awb-spacing-right-small:1.92%;--awb-spacing-left-small:1.92%;\"><div class=\"fusion-column-wrapper fusion-column-has-shadow fusion-flex-justify-content-flex-start fusion-content-layout-column\"><div class=\"fusion-title title fusion-title-4 fusion-sep-none fusion-title-text fusion-title-size-one\" style=\"--awb-font-size:20px;\"><h1 class=\"fusion-title-heading title-heading-left\" style=\"margin:0;font-size:1em;\"><h3 class=\"wp-block-heading\" data-fontsize=\"18\" data-lineheight=\"27\"><strong> Qui est\u00e0 obligat a presentar el model 347?<\/strong><\/h3><\/h1><\/div><div class=\"fusion-text fusion-text-2\" style=\"--awb-font-size:16px;\"><p>Estan obligats a presentar el model 347 els empresaris i professionals que realitzin activitats econ\u00f2miques i que, en conjunt, hagin fet operacions amb una altra persona o entitat que superin els 3.005,06 \u20ac en l\u2019any natural. Tamb\u00e9 l\u2019han de presentar les entitats o establiments de car\u00e0cter social i les comunitats de propietaris per les adquisicions de b\u00e9ns i serveis que superin aquesta quantitat.<\/p>\n<\/div><div class=\"fusion-title title fusion-title-5 fusion-sep-none fusion-title-text fusion-title-size-one\" style=\"--awb-font-size:20px;\"><h1 class=\"fusion-title-heading title-heading-left\" style=\"margin:0;font-size:1em;\"><h3 class=\"wp-block-heading\" data-fontsize=\"18\" data-lineheight=\"27\"><strong>Quan s\u2019ha de presentar el model 347?<\/strong><\/h3><\/h1><\/div><div class=\"fusion-text fusion-text-3\" style=\"--awb-font-size:16px;\"><p>El model 347 es presenta al mes de febrer, informant sobre les operacions realitzades durant l\u2019any anterior.<\/p>\n<\/div><div class=\"fusion-title title fusion-title-6 fusion-sep-none fusion-title-text fusion-title-size-one\" style=\"--awb-font-size:20px;\"><h1 class=\"fusion-title-heading title-heading-left\" style=\"margin:0;font-size:1em;\"><h3 class=\"wp-block-heading\" data-fontsize=\"18\" data-lineheight=\"27\"><strong>Com es presenta el model 347?<\/strong><\/h3><\/h1><\/div><div class=\"fusion-text fusion-text-4\" style=\"--awb-font-size:16px;\"><p>La presentaci\u00f3 del model 347 es realitza per Internet, utilitzant un certificat electr\u00f2nic per a societats i grans empreses, o mitjan\u00e7ant el sistema Cl\\@ve per a persones f\u00edsiques.<\/p>\n<\/div><div class=\"fusion-title title fusion-title-7 fusion-sep-none fusion-title-text fusion-title-size-one\" style=\"--awb-font-size:20px;\"><h1 class=\"fusion-title-heading title-heading-left\" style=\"margin:0;font-size:1em;\"><h3 class=\"wp-block-heading\" data-fontsize=\"18\" data-lineheight=\"27\"><strong>Quina informaci\u00f3 s\u2019inclou en el model 347?<\/strong><\/h3><\/h1><\/div><div class=\"fusion-text fusion-text-5\" style=\"--awb-font-size:16px;\"><p>Al model 347 s\u2019han d\u2019incloure totes les operacions amb tercers que superin els 3.005,06 \u20ac en l\u2019any natural, detallant l\u2019import total de les operacions realitzades amb cada client o prove\u00efdor.<\/p>\n<\/div><div class=\"fusion-title title fusion-title-8 fusion-sep-none fusion-title-text fusion-title-size-one\" style=\"--awb-font-size:20px;\"><h1 class=\"fusion-title-heading title-heading-left\" style=\"margin:0;font-size:1em;\"><h3 class=\"wp-block-heading\" data-fontsize=\"18\" data-lineheight=\"27\"><strong>Qui est\u00e0 exempt de presentar el model 347?<\/strong><\/h3><\/h1><\/div><div class=\"fusion-text fusion-text-6\" style=\"--awb-font-size:16px;\"><p>No estan obligats a presentar el model 347 les persones f\u00edsiques i les entitats en r\u00e8gim d\u2019atribuci\u00f3 de rendes a l\u2019IRPF que tributin en estimaci\u00f3 objectiva i, en l\u2019IVA, pels r\u00e8gims especials, excepte per les operacions per les quals emetin factura. Tamb\u00e9 en queden exempts aquells que no hagin realitzat operacions que superin els 3.005,06 \u20ac durant l\u2019any.<\/p>\n<\/div><div class=\"fusion-title title fusion-title-9 fusion-sep-none fusion-title-text fusion-title-size-one\" style=\"--awb-font-size:20px;\"><h1 class=\"fusion-title-heading title-heading-left\" style=\"margin:0;font-size:1em;\"><h3 class=\"wp-block-heading\" data-fontsize=\"18\" data-lineheight=\"27\"><strong>Per a qu\u00e8 serveix el model 347?<\/strong><\/h3><\/h1><\/div><div class=\"fusion-text fusion-text-7\" style=\"--awb-font-size:16px;\"><p>El model 347 permet a l\u2019Ag\u00e8ncia Tribut\u00e0ria comparar les dades declarades pels contribuents amb les dels seus clients i prove\u00efdors, assegurant aix\u00ed la coher\u00e8ncia i veracitat de la informaci\u00f3 fiscal.<\/p>\n<\/div><div class=\"fusion-title title fusion-title-10 fusion-sep-none fusion-title-text fusion-title-size-one\" style=\"--awb-font-size:20px;\"><h1 class=\"fusion-title-heading title-heading-left\" style=\"margin:0;font-size:1em;\"><h3 class=\"wp-block-heading\" data-fontsize=\"16\" data-lineheight=\"24\"><strong>Cal detallar les operacions trimestralment?<\/strong><\/h3><\/h1><\/div><div class=\"fusion-text fusion-text-8\" style=\"--awb-font-size:16px;\"><p>S\u00ed, al model 347 cal detallar les operacions trimestralment. Aix\u00f2 significa que, a m\u00e9s d\u2019informar sobre l\u2019import total anual de les operacions amb cada client o prove\u00efdor, tamb\u00e9 s\u2019ha de desglossar l\u2019import de les operacions realitzades en cada trimestre de l\u2019any.<\/p>\n<\/div><div class=\"fusion-title title fusion-title-11 fusion-sep-none fusion-title-text fusion-title-size-one\" style=\"--awb-font-size:20px;\"><h1 class=\"fusion-title-heading title-heading-left\" style=\"margin:0;font-size:1em;\"><h3 class=\"wp-block-heading\" data-fontsize=\"16\" data-lineheight=\"24\"><strong>S\u2019inclouen els suplerts en els imports de la declaraci\u00f3?<\/strong><\/h3><\/h1><\/div><div class=\"fusion-text fusion-text-9\" style=\"--awb-font-size:16px;\"><p>No, els suplerts no s\u2019inclouen en el model 347. Els suplerts s\u00f3n despeses que un professional o empresa paga en nom del seu client i que despr\u00e9s li s\u00f3n reemborsades. Aquestes despeses no es consideren operacions econ\u00f2miques pr\u00f2pies del professional o empresa, sin\u00f3 del client.<\/p>\n<\/div><div class=\"fusion-title title fusion-title-12 fusion-sep-none fusion-title-text fusion-title-size-one\" style=\"--awb-font-size:20px;\"><h1 class=\"fusion-title-heading title-heading-left\" style=\"margin:0;font-size:1em;\"><h3 class=\"wp-block-heading\" data-fontsize=\"16\" data-lineheight=\"24\"><strong>S\u2019inclouen les operacions amb entitats asseguradores?<\/strong><\/h3><\/h1><\/div><div class=\"fusion-text fusion-text-10\" style=\"--awb-font-size:16px;\"><p>S\u00ed, les operacions amb entitats asseguradores s\u2019han d\u2019incloure en el model 347. Les entitats asseguradores han de consignar per separat les primes d\u2019asseguran\u00e7a rebudes i les indemnitzacions o prestacions satisfetes en l\u2019exercici de la seva activitat asseguradora. Aquestes operacions s\u2019han de declarar de manera diferenciada, marcant la casella corresponent a \u00aboperaci\u00f3 d\u2019asseguran\u00e7a\u00bb en el model.<\/p>\n<\/div><div class=\"fusion-title title fusion-title-13 fusion-sep-none fusion-title-text fusion-title-size-one\" style=\"--awb-font-size:20px;\"><h1 class=\"fusion-title-heading title-heading-left\" style=\"margin:0;font-size:1em;\"><h3 class=\"wp-block-heading\" data-fontsize=\"16\" data-lineheight=\"24\"><strong>He d\u2019incloure les operacions en efectiu?<\/strong><\/h3><\/h1><\/div><div class=\"fusion-text fusion-text-11 fusion-text-no-margin\" style=\"--awb-font-size:16px;--awb-margin-bottom:200px;\"><p>S\u00ed, les operacions en efectiu s\u2019han d\u2019incloure al model 347 si superen els 6.000 \u20ac en un any natural. Aix\u00f2 inclou tant els pagaments com els cobraments en efectiu. \u00c9s important detallar aquestes operacions per complir amb les obligacions fiscals i evitar possibles sancions.<\/p>\n<\/div><\/div><\/div><\/div><\/div><\/p>\n","protected":false},"excerpt":{"rendered":"","protected":false},"author":1,"featured_media":642,"comment_status":"open","ping_status":"open","sticky":false,"template":"","format":"standard","meta":{"footnotes":""},"categories":[26,27,28],"tags":[],"class_list":["post-693","post","type-post","status-publish","format-standard","has-post-thumbnail","hentry","category-agencia-tributaria-ca","category-fiscal-ca","category-iva-ca"],"yoast_head":"<!-- This site is optimized with the Yoast SEO plugin v26.0 - https:\/\/yoast.com\/wordpress\/plugins\/seo\/ -->\n<title>Model 347 - Gatefi<\/title>\n<meta name=\"robots\" content=\"index, follow, max-snippet:-1, max-image-preview:large, max-video-preview:-1\" \/>\n<link rel=\"canonical\" href=\"https:\/\/gatefi.es\/modelo-347\/\" \/>\n<meta property=\"og:locale\" content=\"ca_ES\" \/>\n<meta property=\"og:type\" content=\"article\" \/>\n<meta property=\"og:title\" content=\"Model 347 - Gatefi\" \/>\n<meta property=\"og:url\" content=\"https:\/\/gatefi.es\/modelo-347\/\" \/>\n<meta property=\"og:site_name\" content=\"Gatefi\" \/>\n<meta property=\"article:published_time\" content=\"2025-06-09T09:53:10+00:00\" \/>\n<meta property=\"article:modified_time\" content=\"2025-07-14T12:54:13+00:00\" \/>\n<meta property=\"og:image\" content=\"https:\/\/gatefi.es\/wp-content\/uploads\/2025\/06\/Captura-de-pantalla-2025-07-03-150209.png\" \/>\n\t<meta property=\"og:image:width\" content=\"431\" \/>\n\t<meta property=\"og:image:height\" content=\"300\" \/>\n\t<meta property=\"og:image:type\" content=\"image\/png\" \/>\n<meta name=\"author\" content=\"admin\" \/>\n<meta name=\"twitter:card\" content=\"summary_large_image\" \/>\n<meta name=\"twitter:label1\" content=\"Escrit per\" \/>\n\t<meta name=\"twitter:data1\" content=\"admin\" \/>\n\t<meta name=\"twitter:label2\" content=\"Temps estimat de lectura\" \/>\n\t<meta name=\"twitter:data2\" content=\"15 minuts\" \/>\n<script type=\"application\/ld+json\" class=\"yoast-schema-graph\">{\"@context\":\"https:\/\/schema.org\",\"@graph\":[{\"@type\":\"Article\",\"@id\":\"https:\/\/gatefi.es\/modelo-347\/#article\",\"isPartOf\":{\"@id\":\"https:\/\/gatefi.es\/modelo-347\/\"},\"author\":{\"name\":\"admin\",\"@id\":\"https:\/\/gatefi.es\/#\/schema\/person\/76d116c8d94bae382a2b3388777672ad\"},\"headline\":\"Model 347\",\"datePublished\":\"2025-06-09T09:53:10+00:00\",\"dateModified\":\"2025-07-14T12:54:13+00:00\",\"mainEntityOfPage\":{\"@id\":\"https:\/\/gatefi.es\/modelo-347\/\"},\"wordCount\":2987,\"commentCount\":0,\"publisher\":{\"@id\":\"https:\/\/gatefi.es\/#organization\"},\"image\":{\"@id\":\"https:\/\/gatefi.es\/modelo-347\/#primaryimage\"},\"thumbnailUrl\":\"https:\/\/gatefi.es\/wp-content\/uploads\/2025\/06\/Captura-de-pantalla-2025-07-03-150209.png\",\"articleSection\":[\"Ag\u00e8ncia Tribut\u00e0ria\",\"Fiscal\",\"IVA\"],\"inLanguage\":\"ca\",\"potentialAction\":[{\"@type\":\"CommentAction\",\"name\":\"Comment\",\"target\":[\"https:\/\/gatefi.es\/modelo-347\/#respond\"]}]},{\"@type\":\"WebPage\",\"@id\":\"https:\/\/gatefi.es\/modelo-347\/\",\"url\":\"https:\/\/gatefi.es\/modelo-347\/\",\"name\":\"Model 347 - Gatefi\",\"isPartOf\":{\"@id\":\"https:\/\/gatefi.es\/#website\"},\"primaryImageOfPage\":{\"@id\":\"https:\/\/gatefi.es\/modelo-347\/#primaryimage\"},\"image\":{\"@id\":\"https:\/\/gatefi.es\/modelo-347\/#primaryimage\"},\"thumbnailUrl\":\"https:\/\/gatefi.es\/wp-content\/uploads\/2025\/06\/Captura-de-pantalla-2025-07-03-150209.png\",\"datePublished\":\"2025-06-09T09:53:10+00:00\",\"dateModified\":\"2025-07-14T12:54:13+00:00\",\"breadcrumb\":{\"@id\":\"https:\/\/gatefi.es\/modelo-347\/#breadcrumb\"},\"inLanguage\":\"ca\",\"potentialAction\":[{\"@type\":\"ReadAction\",\"target\":[\"https:\/\/gatefi.es\/modelo-347\/\"]}]},{\"@type\":\"ImageObject\",\"inLanguage\":\"ca\",\"@id\":\"https:\/\/gatefi.es\/modelo-347\/#primaryimage\",\"url\":\"https:\/\/gatefi.es\/wp-content\/uploads\/2025\/06\/Captura-de-pantalla-2025-07-03-150209.png\",\"contentUrl\":\"https:\/\/gatefi.es\/wp-content\/uploads\/2025\/06\/Captura-de-pantalla-2025-07-03-150209.png\",\"width\":431,\"height\":300},{\"@type\":\"BreadcrumbList\",\"@id\":\"https:\/\/gatefi.es\/modelo-347\/#breadcrumb\",\"itemListElement\":[{\"@type\":\"ListItem\",\"position\":1,\"name\":\"Portada\",\"item\":\"https:\/\/gatefi.es\/ca\/home\/\"},{\"@type\":\"ListItem\",\"position\":2,\"name\":\"Model 347\"}]},{\"@type\":\"WebSite\",\"@id\":\"https:\/\/gatefi.es\/#website\",\"url\":\"https:\/\/gatefi.es\/\",\"name\":\"Gatefi\",\"description\":\"\",\"publisher\":{\"@id\":\"https:\/\/gatefi.es\/#organization\"},\"potentialAction\":[{\"@type\":\"SearchAction\",\"target\":{\"@type\":\"EntryPoint\",\"urlTemplate\":\"https:\/\/gatefi.es\/?s={search_term_string}\"},\"query-input\":{\"@type\":\"PropertyValueSpecification\",\"valueRequired\":true,\"valueName\":\"search_term_string\"}}],\"inLanguage\":\"ca\"},{\"@type\":\"Organization\",\"@id\":\"https:\/\/gatefi.es\/#organization\",\"name\":\"Gatefi\",\"url\":\"https:\/\/gatefi.es\/\",\"logo\":{\"@type\":\"ImageObject\",\"inLanguage\":\"ca\",\"@id\":\"https:\/\/gatefi.es\/#\/schema\/logo\/image\/\",\"url\":\"https:\/\/gatefi.es\/wp-content\/uploads\/2025\/05\/logo-2.png\",\"contentUrl\":\"https:\/\/gatefi.es\/wp-content\/uploads\/2025\/05\/logo-2.png\",\"width\":133,\"height\":55,\"caption\":\"Gatefi\"},\"image\":{\"@id\":\"https:\/\/gatefi.es\/#\/schema\/logo\/image\/\"}},{\"@type\":\"Person\",\"@id\":\"https:\/\/gatefi.es\/#\/schema\/person\/76d116c8d94bae382a2b3388777672ad\",\"name\":\"admin\",\"image\":{\"@type\":\"ImageObject\",\"inLanguage\":\"ca\",\"@id\":\"https:\/\/gatefi.es\/#\/schema\/person\/image\/\",\"url\":\"https:\/\/secure.gravatar.com\/avatar\/128ddaa8fd25bf4339cb192ade2a01e84e20a555b66442ee33957ea7b9aaca15?s=96&d=mm&r=g\",\"contentUrl\":\"https:\/\/secure.gravatar.com\/avatar\/128ddaa8fd25bf4339cb192ade2a01e84e20a555b66442ee33957ea7b9aaca15?s=96&d=mm&r=g\",\"caption\":\"admin\"},\"sameAs\":[\"https:\/\/gatefi.es\"],\"url\":\"https:\/\/gatefi.es\/ca\/author\/agarcia_1jqu30ti\/\"}]}<\/script>\n<!-- \/ Yoast SEO plugin. -->","yoast_head_json":{"title":"Model 347 - Gatefi","robots":{"index":"index","follow":"follow","max-snippet":"max-snippet:-1","max-image-preview":"max-image-preview:large","max-video-preview":"max-video-preview:-1"},"canonical":"https:\/\/gatefi.es\/modelo-347\/","og_locale":"ca_ES","og_type":"article","og_title":"Model 347 - Gatefi","og_url":"https:\/\/gatefi.es\/modelo-347\/","og_site_name":"Gatefi","article_published_time":"2025-06-09T09:53:10+00:00","article_modified_time":"2025-07-14T12:54:13+00:00","og_image":[{"width":431,"height":300,"url":"https:\/\/gatefi.es\/wp-content\/uploads\/2025\/06\/Captura-de-pantalla-2025-07-03-150209.png","type":"image\/png"}],"author":"admin","twitter_card":"summary_large_image","twitter_misc":{"Escrit per":"admin","Temps estimat de lectura":"15 minuts"},"schema":{"@context":"https:\/\/schema.org","@graph":[{"@type":"Article","@id":"https:\/\/gatefi.es\/modelo-347\/#article","isPartOf":{"@id":"https:\/\/gatefi.es\/modelo-347\/"},"author":{"name":"admin","@id":"https:\/\/gatefi.es\/#\/schema\/person\/76d116c8d94bae382a2b3388777672ad"},"headline":"Model 347","datePublished":"2025-06-09T09:53:10+00:00","dateModified":"2025-07-14T12:54:13+00:00","mainEntityOfPage":{"@id":"https:\/\/gatefi.es\/modelo-347\/"},"wordCount":2987,"commentCount":0,"publisher":{"@id":"https:\/\/gatefi.es\/#organization"},"image":{"@id":"https:\/\/gatefi.es\/modelo-347\/#primaryimage"},"thumbnailUrl":"https:\/\/gatefi.es\/wp-content\/uploads\/2025\/06\/Captura-de-pantalla-2025-07-03-150209.png","articleSection":["Ag\u00e8ncia Tribut\u00e0ria","Fiscal","IVA"],"inLanguage":"ca","potentialAction":[{"@type":"CommentAction","name":"Comment","target":["https:\/\/gatefi.es\/modelo-347\/#respond"]}]},{"@type":"WebPage","@id":"https:\/\/gatefi.es\/modelo-347\/","url":"https:\/\/gatefi.es\/modelo-347\/","name":"Model 347 - Gatefi","isPartOf":{"@id":"https:\/\/gatefi.es\/#website"},"primaryImageOfPage":{"@id":"https:\/\/gatefi.es\/modelo-347\/#primaryimage"},"image":{"@id":"https:\/\/gatefi.es\/modelo-347\/#primaryimage"},"thumbnailUrl":"https:\/\/gatefi.es\/wp-content\/uploads\/2025\/06\/Captura-de-pantalla-2025-07-03-150209.png","datePublished":"2025-06-09T09:53:10+00:00","dateModified":"2025-07-14T12:54:13+00:00","breadcrumb":{"@id":"https:\/\/gatefi.es\/modelo-347\/#breadcrumb"},"inLanguage":"ca","potentialAction":[{"@type":"ReadAction","target":["https:\/\/gatefi.es\/modelo-347\/"]}]},{"@type":"ImageObject","inLanguage":"ca","@id":"https:\/\/gatefi.es\/modelo-347\/#primaryimage","url":"https:\/\/gatefi.es\/wp-content\/uploads\/2025\/06\/Captura-de-pantalla-2025-07-03-150209.png","contentUrl":"https:\/\/gatefi.es\/wp-content\/uploads\/2025\/06\/Captura-de-pantalla-2025-07-03-150209.png","width":431,"height":300},{"@type":"BreadcrumbList","@id":"https:\/\/gatefi.es\/modelo-347\/#breadcrumb","itemListElement":[{"@type":"ListItem","position":1,"name":"Portada","item":"https:\/\/gatefi.es\/ca\/home\/"},{"@type":"ListItem","position":2,"name":"Model 347"}]},{"@type":"WebSite","@id":"https:\/\/gatefi.es\/#website","url":"https:\/\/gatefi.es\/","name":"Gatefi","description":"","publisher":{"@id":"https:\/\/gatefi.es\/#organization"},"potentialAction":[{"@type":"SearchAction","target":{"@type":"EntryPoint","urlTemplate":"https:\/\/gatefi.es\/?s={search_term_string}"},"query-input":{"@type":"PropertyValueSpecification","valueRequired":true,"valueName":"search_term_string"}}],"inLanguage":"ca"},{"@type":"Organization","@id":"https:\/\/gatefi.es\/#organization","name":"Gatefi","url":"https:\/\/gatefi.es\/","logo":{"@type":"ImageObject","inLanguage":"ca","@id":"https:\/\/gatefi.es\/#\/schema\/logo\/image\/","url":"https:\/\/gatefi.es\/wp-content\/uploads\/2025\/05\/logo-2.png","contentUrl":"https:\/\/gatefi.es\/wp-content\/uploads\/2025\/05\/logo-2.png","width":133,"height":55,"caption":"Gatefi"},"image":{"@id":"https:\/\/gatefi.es\/#\/schema\/logo\/image\/"}},{"@type":"Person","@id":"https:\/\/gatefi.es\/#\/schema\/person\/76d116c8d94bae382a2b3388777672ad","name":"admin","image":{"@type":"ImageObject","inLanguage":"ca","@id":"https:\/\/gatefi.es\/#\/schema\/person\/image\/","url":"https:\/\/secure.gravatar.com\/avatar\/128ddaa8fd25bf4339cb192ade2a01e84e20a555b66442ee33957ea7b9aaca15?s=96&d=mm&r=g","contentUrl":"https:\/\/secure.gravatar.com\/avatar\/128ddaa8fd25bf4339cb192ade2a01e84e20a555b66442ee33957ea7b9aaca15?s=96&d=mm&r=g","caption":"admin"},"sameAs":["https:\/\/gatefi.es"],"url":"https:\/\/gatefi.es\/ca\/author\/agarcia_1jqu30ti\/"}]}},"_links":{"self":[{"href":"https:\/\/gatefi.es\/ca\/wp-json\/wp\/v2\/posts\/693","targetHints":{"allow":["GET"]}}],"collection":[{"href":"https:\/\/gatefi.es\/ca\/wp-json\/wp\/v2\/posts"}],"about":[{"href":"https:\/\/gatefi.es\/ca\/wp-json\/wp\/v2\/types\/post"}],"author":[{"embeddable":true,"href":"https:\/\/gatefi.es\/ca\/wp-json\/wp\/v2\/users\/1"}],"replies":[{"embeddable":true,"href":"https:\/\/gatefi.es\/ca\/wp-json\/wp\/v2\/comments?post=693"}],"version-history":[{"count":2,"href":"https:\/\/gatefi.es\/ca\/wp-json\/wp\/v2\/posts\/693\/revisions"}],"predecessor-version":[{"id":695,"href":"https:\/\/gatefi.es\/ca\/wp-json\/wp\/v2\/posts\/693\/revisions\/695"}],"wp:featuredmedia":[{"embeddable":true,"href":"https:\/\/gatefi.es\/ca\/wp-json\/wp\/v2\/media\/642"}],"wp:attachment":[{"href":"https:\/\/gatefi.es\/ca\/wp-json\/wp\/v2\/media?parent=693"}],"wp:term":[{"taxonomy":"category","embeddable":true,"href":"https:\/\/gatefi.es\/ca\/wp-json\/wp\/v2\/categories?post=693"},{"taxonomy":"post_tag","embeddable":true,"href":"https:\/\/gatefi.es\/ca\/wp-json\/wp\/v2\/tags?post=693"}],"curies":[{"name":"wp","href":"https:\/\/api.w.org\/{rel}","templated":true}]}}